{"id":265,"date":"2025-03-04T14:40:17","date_gmt":"2025-03-04T13:40:17","guid":{"rendered":"https:\/\/formation-assistante-maternelle.fr\/?p=265"},"modified":"2025-03-04T14:40:18","modified_gmt":"2025-03-04T13:40:18","slug":"developpez-votre-carriere-dassistant-maternel-a-perpignan","status":"publish","type":"post","link":"https:\/\/formation-assistante-maternelle.fr\/index.php\/2025\/03\/04\/developpez-votre-carriere-dassistant-maternel-a-perpignan\/","title":{"rendered":"D\u00e9veloppez votre carri\u00e8re d&rsquo;assistant maternel \u00e0 Perpignan"},"content":{"rendered":"<p>[et_pb_section fb_built=\u00a0\u00bb1&Prime; theme_builder_area=\u00a0\u00bbpost_content\u00a0\u00bb _builder_version=\u00a0\u00bb4.23.1&Prime; _module_preset=\u00a0\u00bbdefault\u00a0\u00bb][et_pb_row _builder_version=\u00a0\u00bb4.23.1&Prime; _module_preset=\u00a0\u00bbdefault\u00a0\u00bb theme_builder_area=\u00a0\u00bbpost_content\u00a0\u00bb][et_pb_column _builder_version=\u00a0\u00bb4.23.1&Prime; _module_preset=\u00a0\u00bbdefault\u00a0\u00bb type=\u00a0\u00bb4_4&Prime; theme_builder_area=\u00a0\u00bbpost_content\u00a0\u00bb][et_pb_text _builder_version=\u00a0\u00bb4.23.1&Prime; _module_preset=\u00a0\u00bbdefault\u00a0\u00bb theme_builder_area=\u00a0\u00bbpost_content\u00a0\u00bb hover_enabled=\u00a0\u00bb0&Prime; sticky_enabled=\u00a0\u00bb0&Prime;]<\/p>\n<h1><strong>D\u00e9veloppez votre carri\u00e8re d&rsquo;assistant maternel avec \u00e0 Perpignan, Pyr\u00e9n\u00e9es-Orientales.<\/strong><\/h1>\n<p><span style=\"font-weight: 400;\">Dans un monde en constante \u00e9volution, la formation continue est essentielle pour les <strong>assistants maternels<\/strong> qui souhaitent offrir le meilleur accompagnement possible aux enfants dont ils ont la charge. MEDEO FORMATION \u00e0 Perpignan <\/span>Pyr\u00e9n\u00e9es-Orientales, sp\u00e9cialis\u00e9 dans le secteur sanitaire, social et m\u00e9dico-social, situ\u00e9 \u00e0 Toulouges pr\u00e8s de Perpignan, dans les Pyr\u00e9n\u00e9es Orientales, se positionne comme un partenaire de choix pour votre d\u00e9veloppement professionnel, en proposant des formations de qualit\u00e9, adapt\u00e9es aux r\u00e9alit\u00e9s du terrain et aux exigences du secteur de la petite enfance.<\/p>\n<p><b>Les formations \u00ab\u00a0plan\u00a0\u00bb d&rsquo;IPERIA : un tremplin pour votre carri\u00e8re\u00a0 \u00e0 <\/b><strong>Perpignan <\/strong><b>Pyr\u00e9n\u00e9es-Orientales<\/b><\/p>\n<p><span style=\"font-weight: 400;\">IPERIA, la plateforme nationale de professionnalisation pour les assistants maternels, offre un cadre pr\u00e9cieux pour votre formation continue. En tant qu&rsquo;assistant maternel, vous b\u00e9n\u00e9ficiez de 58 heures de formation par an, enti\u00e8rement financ\u00e9es par IPERIA.\u00a0Cette opportunit\u00e9 est \u00e0 saisir d\u00e8s votre premi\u00e8re heure de travail, sans condition d&rsquo;anciennet\u00e9.<\/span><\/p>\n<p><span style=\"font-weight: 400;\">Chez MEDEO FORMATION Perpignan Pyr\u00e9n\u00e9es-Orientales, sp\u00e9cialis\u00e9 dans le secteur sanitaire, social et m\u00e9dico-social, situ\u00e9 \u00e0 Toulouges pr\u00e8s de Perpignan, dans les Pyr\u00e9n\u00e9es Orientales nous vous accompagnons pour tirer le meilleur parti de ce dispositif :<\/span><\/p>\n<ul>\n<li style=\"font-weight: 400;\" aria-level=\"1\"><b>Flexibilit\u00e9<\/b><span style=\"font-weight: 400;\">\u00a0: Formez-vous sur ou hors temps de travail, selon vos disponibilit\u00e9s.<\/span><\/li>\n<li style=\"font-weight: 400;\" aria-level=\"1\"><b>Diversit\u00e9<\/b><span style=\"font-weight: 400;\">\u00a0: Acc\u00e9dez \u00e0 un large \u00e9ventail de formations certifiantes et non certifiantes.<\/span><\/li>\n<li style=\"font-weight: 400;\" aria-level=\"1\"><b>R\u00e9mun\u00e9ration<\/b><span style=\"font-weight: 400;\">\u00a0: B\u00e9n\u00e9ficiez d&rsquo;une allocation de formation pour les heures hors temps de travail.<\/span><\/li>\n<\/ul>\n<p><b>L&rsquo;expertise des formateurs MEDEO : votre garantie d&rsquo;excellence \u00e0 <\/b><strong>Perpignan<\/strong><b>Pyr\u00e9n\u00e9es-Orientales<\/b><\/p>\n<p><span style=\"font-weight: 400;\">Ce qui distingue MEDEO FORMATION, sp\u00e9cialis\u00e9 dans le secteur sanitaire, social et m\u00e9dico-social, situ\u00e9 \u00e0 Toulouges pr\u00e8s de Perpignan, dans les Pyr\u00e9n\u00e9es Orientales, c&rsquo;est avant tout la qualit\u00e9 de nos formateurs. Tous sont des professionnels exp\u00e9riment\u00e9s du secteur de la petite enfance, alliant expertise th\u00e9orique et connaissance pratique du terrain. Leur approche p\u00e9dagogique est con\u00e7ue pour :<\/span><\/p>\n<ul>\n<li style=\"font-weight: 400;\" aria-level=\"1\"><span style=\"font-weight: 400;\">R\u00e9pondre aux d\u00e9fis quotidiens de votre m\u00e9tier<\/span><\/li>\n<li style=\"font-weight: 400;\" aria-level=\"1\"><span style=\"font-weight: 400;\">Vous transmettre les derni\u00e8res avanc\u00e9es en mati\u00e8re d&rsquo;accompagnement de l&rsquo;enfant<\/span><\/li>\n<li style=\"font-weight: 400;\" aria-level=\"1\"><span style=\"font-weight: 400;\">Stimuler votre r\u00e9flexion et enrichir vos pratiques professionnelles<\/span><\/li>\n<\/ul>\n<p><span style=\"font-weight: 400;\">Nos formateurs sont \u00e0 l&rsquo;\u00e9coute de vos besoins sp\u00e9cifiques, cr\u00e9ant un environnement d&rsquo;apprentissage dynamique et interactif o\u00f9 chaque participant peut s&rsquo;\u00e9panouir.<\/span><\/p>\n<p><b>Le CQP \u00ab\u00a0Travailler en Maison d&rsquo;Assistants Maternels\u00a0\u00bb : une formation phare<\/b><\/p>\n<p><span style=\"font-weight: 400;\">Le Certificat de Qualification Professionnelle (CQP) \u00ab\u00a0Travailler en Maison d&rsquo;Assistants Maternels\u00a0\u00bb est une formation certifiante d&rsquo;excellence propos\u00e9e par MEDEO FORMATION, sp\u00e9cialis\u00e9 dans le secteur sanitaire, social et m\u00e9dico-social, situ\u00e9 \u00e0 Toulouges pr\u00e8s de Perpignan, dans les Pyr\u00e9n\u00e9es Orientales. Cette certification, reconnue par la branche professionnelle, est id\u00e9ale pour ceux qui souhaitent cr\u00e9er ou int\u00e9grer une MAM.<\/span><\/p>\n<p><b>Points forts du CQP MAM chez MEDEO :<\/b><\/p>\n<ul>\n<li style=\"font-weight: 400;\" aria-level=\"1\"><b>Dur\u00e9e optimale<\/b><span style=\"font-weight: 400;\">\u00a0: 114 heures, permettant une formation approfondie.<\/span><\/li>\n<li style=\"font-weight: 400;\" aria-level=\"1\"><b>Contenu complet<\/b><span style=\"font-weight: 400;\">\u00a0: De la cr\u00e9ation \u00e0 la p\u00e9rennisation d&rsquo;une MAM, en passant par le travail d&rsquo;\u00e9quipe et l&rsquo;accompagnement des enfants.<\/span><\/li>\n<li style=\"font-weight: 400;\" aria-level=\"1\"><b>Financement avantageux<\/b><span style=\"font-weight: 400;\">\u00a0: IPERIA finance l&rsquo;int\u00e9gralit\u00e9 des 114 heures pour les assistants maternels en 2025, au-del\u00e0 du quota annuel de 58 heures.<\/span><\/li>\n<li style=\"font-weight: 400;\" aria-level=\"1\"><b>Approche pratique<\/b><span style=\"font-weight: 400;\">\u00a0: Alternance entre th\u00e9orie et mise en situation pour une application imm\u00e9diate des comp\u00e9tences acquises.<\/span><\/li>\n<\/ul>\n<p><b>Modules cl\u00e9s du CQP MAM :<\/b><\/p>\n<ol>\n<li style=\"font-weight: 400;\" aria-level=\"1\"><span style=\"font-weight: 400;\">Sp\u00e9cificit\u00e9s et fondamentaux d&rsquo;une MAM<\/span><\/li>\n<li style=\"font-weight: 400;\" aria-level=\"1\"><span style=\"font-weight: 400;\">\u00c9tude des besoins \u00e0 la cr\u00e9ation d&rsquo;une MAM<\/span><\/li>\n<li style=\"font-weight: 400;\" aria-level=\"1\"><span style=\"font-weight: 400;\">Gestion financi\u00e8re et plan de communication<\/span><\/li>\n<li style=\"font-weight: 400;\" aria-level=\"1\"><span style=\"font-weight: 400;\">Travail en \u00e9quipe et accompagnement d&rsquo;un groupe d&rsquo;enfants<\/span><\/li>\n<\/ol>\n<p><span style=\"font-weight: 400;\">Cette formation vous donnera toutes les cl\u00e9s pour r\u00e9ussir votre projet de MAM ou exceller dans ce cadre professionnel unique.<\/span><\/p>\n<p><b>Pourquoi choisir MEDEO FORMATION ?<\/b><\/p>\n<ol>\n<li style=\"font-weight: 400;\" aria-level=\"1\"><b>Expertise reconnue<\/b><span style=\"font-weight: 400;\">\u00a0: Notre centre de formation est labellis\u00e9 IPERIA, gage de qualit\u00e9 et de conformit\u00e9 aux standards de la branche professionnelle.<\/span><\/li>\n<li style=\"font-weight: 400;\" aria-level=\"1\"><b>Accompagnement personnalis\u00e9<\/b><span style=\"font-weight: 400;\">\u00a0: Nous vous guidons dans le choix des formations les plus adapt\u00e9es \u00e0 votre parcours et \u00e0 vos objectifs.<\/span><\/li>\n<li style=\"font-weight: 400;\" aria-level=\"1\"><b>M\u00e9thodes p\u00e9dagogiques innovantes<\/b><span style=\"font-weight: 400;\">\u00a0: Nos formations allient th\u00e9orie et pratique, avec des mises en situation et des \u00e9tudes de cas concrets.<\/span><\/li>\n<li style=\"font-weight: 400;\" aria-level=\"1\"><b>Flexibilit\u00e9<\/b><span style=\"font-weight: 400;\">\u00a0: Nous proposons des formats adapt\u00e9s \u00e0 vos contraintes, incluant des options de formation \u00e0 distance.<\/span><\/li>\n<li style=\"font-weight: 400;\" aria-level=\"1\"><b>R\u00e9seau professionnel<\/b><span style=\"font-weight: 400;\">\u00a0: Nos formations sont l&rsquo;occasion de rencontrer d&rsquo;autres professionnels et d&rsquo;\u00e9changer sur vos pratiques.<\/span><\/li>\n<li style=\"font-weight: 400;\" aria-level=\"1\"><b>Suivi post-formation<\/b><span style=\"font-weight: 400;\">\u00a0: Nous restons \u00e0 votre \u00e9coute apr\u00e8s la formation pour vous accompagner dans la mise en pratique de vos nouvelles comp\u00e9tences.<\/span><\/li>\n<\/ol>\n<p><span style=\"font-weight: 400;\">En choisissant MEDEO FORMATION, sp\u00e9cialis\u00e9 dans le secteur sanitaire, social et m\u00e9dico-social, situ\u00e9 \u00e0 Toulouges pr\u00e8s de Perpignan, dans les Pyr\u00e9n\u00e9es Orientales, vous optez pour un partenaire engag\u00e9 dans votre r\u00e9ussite professionnelle. Nos formations vous permettront non seulement d&rsquo;acqu\u00e9rir de nouvelles comp\u00e9tences, mais aussi de valoriser votre expertise aupr\u00e8s des familles et de vos pairs.<\/span><\/p>\n<p><span style=\"font-weight: 400;\">Que vous souhaitiez approfondir vos connaissances sur le d\u00e9veloppement de l&rsquo;enfant, vous sp\u00e9cialiser dans l&rsquo;accompagnement d&rsquo;enfants aux besoins sp\u00e9cifiques, ou vous lancer dans l&rsquo;aventure d&rsquo;une MAM, MEDEO FORMATION, sp\u00e9cialis\u00e9 dans le secteur sanitaire, social et m\u00e9dico-social, situ\u00e9 \u00e0 Toulouges pr\u00e8s de Perpignan, dans les Pyr\u00e9n\u00e9es Orientales a la formation qu&rsquo;il vous faut.<\/span><\/p>\n<p><span style=\"font-weight: 400;\">Investissez dans votre avenir professionnel et dans la qualit\u00e9 de l&rsquo;accueil que vous offrez aux enfants. Rejoignez MEDEO FORMATION, sp\u00e9cialis\u00e9 dans le secteur sanitaire, social et m\u00e9dico-social, situ\u00e9 \u00e0 Toulouges pr\u00e8s de Perpignan, dans les Pyr\u00e9n\u00e9es Orientales et devenez l&rsquo;assistant maternel que vous avez toujours aspir\u00e9 \u00e0 \u00eatre !<\/span><\/p>\n<p><span style=\"font-weight: 400;\">Pour plus d&rsquo;informations sur nos formations et pour vous inscrire, visitez notre site web :\u00a0<\/span><a href=\"http:\/\/www.medeo-formation.fr\/formations-assistants-maternels\"><span style=\"font-weight: 400;\">http:\/\/www.medeo-formation.fr\/formations-assistants-maternels<\/span><\/a><\/p>\n<p><span style=\"font-weight: 400;\">Pour en savoir plus sur les dispositifs de formation IPERIA :\u00a0<\/span><a href=\"https:\/\/www.iperia.eu\/\"><span style=\"font-weight: 400;\">https:\/\/www.iperia.eu<\/span><\/a><\/p>\n<p><span style=\"font-weight: 400;\">Contactez-nous d\u00e8s aujourd&rsquo;hui pour discuter de votre projet de formation et faire le premier pas vers l&rsquo;excellence dans votre m\u00e9tier d&rsquo;assistant maternel !<\/span><\/p>\n<p>[\/et_pb_text][\/et_pb_column][\/et_pb_row][\/et_pb_section]<\/p>\n","protected":false},"excerpt":{"rendered":"<p>D\u00e9veloppez votre carri\u00e8re d&rsquo;assistant maternel avec \u00e0 Perpignan, Pyr\u00e9n\u00e9es-Orientales. Dans un monde en constante \u00e9volution, la formation continue est essentielle pour les assistants maternels qui souhaitent offrir le meilleur accompagnement possible aux enfants dont ils ont la charge. MEDEO FORMATION \u00e0 Perpignan Pyr\u00e9n\u00e9es-Orientales, sp\u00e9cialis\u00e9 dans le secteur sanitaire, social et m\u00e9dico-social, situ\u00e9 \u00e0 Toulouges pr\u00e8s [&hellip;]<\/p>\n","protected":false},"author":1,"featured_media":266,"comment_status":"open","ping_status":"open","sticky":false,"template":"","format":"standard","meta":{"_et_pb_use_builder":"on","_et_pb_old_content":"","_et_gb_content_width":"","footnotes":""},"categories":[9],"tags":[],"class_list":["post-265","post","type-post","status-publish","format-standard","has-post-thumbnail","hentry","category-actu"],"yoast_head":"<!-- This site is optimized with the Yoast SEO plugin v26.9 - https:\/\/yoast.com\/product\/yoast-seo-wordpress\/ -->\n<title>D\u00e9veloppez votre carri\u00e8re d&#039;assistant maternel \u00e0 Perpignan - Assistante maternelle<\/title>\n<meta name=\"robots\" content=\"index, follow, max-snippet:-1, max-image-preview:large, max-video-preview:-1\" \/>\n<link rel=\"canonical\" href=\"https:\/\/formation-assistante-maternelle.fr\/index.php\/2025\/03\/04\/developpez-votre-carriere-dassistant-maternel-a-perpignan\/\" \/>\n<meta property=\"og:locale\" content=\"fr_FR\" \/>\n<meta property=\"og:type\" content=\"article\" \/>\n<meta property=\"og:title\" content=\"D\u00e9veloppez votre carri\u00e8re d&#039;assistant maternel \u00e0 Perpignan - Assistante maternelle\" \/>\n<meta property=\"og:description\" content=\"D\u00e9veloppez votre carri\u00e8re d&#039;assistant maternel avec \u00e0 Perpignan, Pyr\u00e9n\u00e9es-Orientales. Dans un monde en constante \u00e9volution, la formation continue est essentielle pour les assistants maternels qui souhaitent offrir le meilleur accompagnement possible aux enfants dont ils ont la charge. MEDEO FORMATION \u00e0 Perpignan Pyr\u00e9n\u00e9es-Orientales, sp\u00e9cialis\u00e9 dans le secteur sanitaire, social et m\u00e9dico-social, situ\u00e9 \u00e0 Toulouges pr\u00e8s [&hellip;]\" \/>\n<meta property=\"og:url\" content=\"https:\/\/formation-assistante-maternelle.fr\/index.php\/2025\/03\/04\/developpez-votre-carriere-dassistant-maternel-a-perpignan\/\" \/>\n<meta property=\"og:site_name\" content=\"Assistante maternelle\" \/>\n<meta property=\"article:published_time\" content=\"2025-03-04T13:40:17+00:00\" \/>\n<meta property=\"article:modified_time\" content=\"2025-03-04T13:40:18+00:00\" \/>\n<meta property=\"og:image\" content=\"http:\/\/formation-assistante-maternelle.fr\/wp-content\/uploads\/2025\/03\/Developpez-votre-carriere-dassistant-maternel-Perpignan.jpg\" \/>\n\t<meta property=\"og:image:width\" content=\"1440\" \/>\n\t<meta property=\"og:image:height\" content=\"448\" \/>\n\t<meta property=\"og:image:type\" content=\"image\/jpeg\" \/>\n<meta name=\"author\" content=\"admin9185\" \/>\n<meta name=\"twitter:card\" content=\"summary_large_image\" \/>\n<meta name=\"twitter:label1\" content=\"\u00c9crit par\" \/>\n\t<meta name=\"twitter:data1\" content=\"admin9185\" \/>\n\t<meta name=\"twitter:label2\" content=\"Dur\u00e9e de lecture estim\u00e9e\" \/>\n\t<meta name=\"twitter:data2\" content=\"1 minute\" \/>\n<script type=\"application\/ld+json\" class=\"yoast-schema-graph\">{\"@context\":\"https:\/\/schema.org\",\"@graph\":[{\"@type\":\"Article\",\"@id\":\"https:\/\/formation-assistante-maternelle.fr\/index.php\/2025\/03\/04\/developpez-votre-carriere-dassistant-maternel-a-perpignan\/#article\",\"isPartOf\":{\"@id\":\"https:\/\/formation-assistante-maternelle.fr\/index.php\/2025\/03\/04\/developpez-votre-carriere-dassistant-maternel-a-perpignan\/\"},\"author\":{\"name\":\"admin9185\",\"@id\":\"https:\/\/formation-assistante-maternelle.fr\/#\/schema\/person\/64eacf6992b5eecba4676fe706ca17f0\"},\"headline\":\"D\u00e9veloppez votre carri\u00e8re d&rsquo;assistant maternel \u00e0 Perpignan\",\"datePublished\":\"2025-03-04T13:40:17+00:00\",\"dateModified\":\"2025-03-04T13:40:18+00:00\",\"mainEntityOfPage\":{\"@id\":\"https:\/\/formation-assistante-maternelle.fr\/index.php\/2025\/03\/04\/developpez-votre-carriere-dassistant-maternel-a-perpignan\/\"},\"wordCount\":1023,\"commentCount\":0,\"image\":{\"@id\":\"https:\/\/formation-assistante-maternelle.fr\/index.php\/2025\/03\/04\/developpez-votre-carriere-dassistant-maternel-a-perpignan\/#primaryimage\"},\"thumbnailUrl\":\"https:\/\/formation-assistante-maternelle.fr\/wp-content\/uploads\/2025\/03\/Developpez-votre-carriere-dassistant-maternel-Perpignan.jpg\",\"articleSection\":[\"ACTU\"],\"inLanguage\":\"fr-FR\",\"potentialAction\":[{\"@type\":\"CommentAction\",\"name\":\"Comment\",\"target\":[\"https:\/\/formation-assistante-maternelle.fr\/index.php\/2025\/03\/04\/developpez-votre-carriere-dassistant-maternel-a-perpignan\/#respond\"]}]},{\"@type\":\"WebPage\",\"@id\":\"https:\/\/formation-assistante-maternelle.fr\/index.php\/2025\/03\/04\/developpez-votre-carriere-dassistant-maternel-a-perpignan\/\",\"url\":\"https:\/\/formation-assistante-maternelle.fr\/index.php\/2025\/03\/04\/developpez-votre-carriere-dassistant-maternel-a-perpignan\/\",\"name\":\"D\u00e9veloppez votre carri\u00e8re d'assistant maternel \u00e0 Perpignan - Assistante maternelle\",\"isPartOf\":{\"@id\":\"https:\/\/formation-assistante-maternelle.fr\/#website\"},\"primaryImageOfPage\":{\"@id\":\"https:\/\/formation-assistante-maternelle.fr\/index.php\/2025\/03\/04\/developpez-votre-carriere-dassistant-maternel-a-perpignan\/#primaryimage\"},\"image\":{\"@id\":\"https:\/\/formation-assistante-maternelle.fr\/index.php\/2025\/03\/04\/developpez-votre-carriere-dassistant-maternel-a-perpignan\/#primaryimage\"},\"thumbnailUrl\":\"https:\/\/formation-assistante-maternelle.fr\/wp-content\/uploads\/2025\/03\/Developpez-votre-carriere-dassistant-maternel-Perpignan.jpg\",\"datePublished\":\"2025-03-04T13:40:17+00:00\",\"dateModified\":\"2025-03-04T13:40:18+00:00\",\"author\":{\"@id\":\"https:\/\/formation-assistante-maternelle.fr\/#\/schema\/person\/64eacf6992b5eecba4676fe706ca17f0\"},\"breadcrumb\":{\"@id\":\"https:\/\/formation-assistante-maternelle.fr\/index.php\/2025\/03\/04\/developpez-votre-carriere-dassistant-maternel-a-perpignan\/#breadcrumb\"},\"inLanguage\":\"fr-FR\",\"potentialAction\":[{\"@type\":\"ReadAction\",\"target\":[\"https:\/\/formation-assistante-maternelle.fr\/index.php\/2025\/03\/04\/developpez-votre-carriere-dassistant-maternel-a-perpignan\/\"]}]},{\"@type\":\"ImageObject\",\"inLanguage\":\"fr-FR\",\"@id\":\"https:\/\/formation-assistante-maternelle.fr\/index.php\/2025\/03\/04\/developpez-votre-carriere-dassistant-maternel-a-perpignan\/#primaryimage\",\"url\":\"https:\/\/formation-assistante-maternelle.fr\/wp-content\/uploads\/2025\/03\/Developpez-votre-carriere-dassistant-maternel-Perpignan.jpg\",\"contentUrl\":\"https:\/\/formation-assistante-maternelle.fr\/wp-content\/uploads\/2025\/03\/Developpez-votre-carriere-dassistant-maternel-Perpignan.jpg\",\"width\":1440,\"height\":448,\"caption\":\"D\u00e9veloppez votre carri\u00e8re d'assistant maternel Perpignan\"},{\"@type\":\"BreadcrumbList\",\"@id\":\"https:\/\/formation-assistante-maternelle.fr\/index.php\/2025\/03\/04\/developpez-votre-carriere-dassistant-maternel-a-perpignan\/#breadcrumb\",\"itemListElement\":[{\"@type\":\"ListItem\",\"position\":1,\"name\":\"Accueil\",\"item\":\"https:\/\/formation-assistante-maternelle.fr\/\"},{\"@type\":\"ListItem\",\"position\":2,\"name\":\"D\u00e9veloppez votre carri\u00e8re d&rsquo;assistant maternel \u00e0 Perpignan\"}]},{\"@type\":\"WebSite\",\"@id\":\"https:\/\/formation-assistante-maternelle.fr\/#website\",\"url\":\"https:\/\/formation-assistante-maternelle.fr\/\",\"name\":\"Assistante maternelle\",\"description\":\"Formation \u00e0 Perpignan\",\"potentialAction\":[{\"@type\":\"SearchAction\",\"target\":{\"@type\":\"EntryPoint\",\"urlTemplate\":\"https:\/\/formation-assistante-maternelle.fr\/?s={search_term_string}\"},\"query-input\":{\"@type\":\"PropertyValueSpecification\",\"valueRequired\":true,\"valueName\":\"search_term_string\"}}],\"inLanguage\":\"fr-FR\"},{\"@type\":\"Person\",\"@id\":\"https:\/\/formation-assistante-maternelle.fr\/#\/schema\/person\/64eacf6992b5eecba4676fe706ca17f0\",\"name\":\"admin9185\",\"image\":{\"@type\":\"ImageObject\",\"inLanguage\":\"fr-FR\",\"@id\":\"https:\/\/formation-assistante-maternelle.fr\/#\/schema\/person\/image\/\",\"url\":\"https:\/\/secure.gravatar.com\/avatar\/0f6baa9bb7a7e503ed8b63ad366c161a5918c18032f5a8db88d42736133de748?s=96&d=mm&r=g\",\"contentUrl\":\"https:\/\/secure.gravatar.com\/avatar\/0f6baa9bb7a7e503ed8b63ad366c161a5918c18032f5a8db88d42736133de748?s=96&d=mm&r=g\",\"caption\":\"admin9185\"},\"sameAs\":[\"http:\/\/formation-assistante-maternelle.fr\"],\"url\":\"https:\/\/formation-assistante-maternelle.fr\/index.php\/author\/admin9185\/\"}]}<\/script>\n<!-- \/ Yoast SEO plugin. -->","yoast_head_json":{"title":"D\u00e9veloppez votre carri\u00e8re d'assistant maternel \u00e0 Perpignan - Assistante maternelle","robots":{"index":"index","follow":"follow","max-snippet":"max-snippet:-1","max-image-preview":"max-image-preview:large","max-video-preview":"max-video-preview:-1"},"canonical":"https:\/\/formation-assistante-maternelle.fr\/index.php\/2025\/03\/04\/developpez-votre-carriere-dassistant-maternel-a-perpignan\/","og_locale":"fr_FR","og_type":"article","og_title":"D\u00e9veloppez votre carri\u00e8re d'assistant maternel \u00e0 Perpignan - Assistante maternelle","og_description":"D\u00e9veloppez votre carri\u00e8re d'assistant maternel avec \u00e0 Perpignan, Pyr\u00e9n\u00e9es-Orientales. Dans un monde en constante \u00e9volution, la formation continue est essentielle pour les assistants maternels qui souhaitent offrir le meilleur accompagnement possible aux enfants dont ils ont la charge. MEDEO FORMATION \u00e0 Perpignan Pyr\u00e9n\u00e9es-Orientales, sp\u00e9cialis\u00e9 dans le secteur sanitaire, social et m\u00e9dico-social, situ\u00e9 \u00e0 Toulouges pr\u00e8s [&hellip;]","og_url":"https:\/\/formation-assistante-maternelle.fr\/index.php\/2025\/03\/04\/developpez-votre-carriere-dassistant-maternel-a-perpignan\/","og_site_name":"Assistante maternelle","article_published_time":"2025-03-04T13:40:17+00:00","article_modified_time":"2025-03-04T13:40:18+00:00","og_image":[{"width":1440,"height":448,"url":"http:\/\/formation-assistante-maternelle.fr\/wp-content\/uploads\/2025\/03\/Developpez-votre-carriere-dassistant-maternel-Perpignan.jpg","type":"image\/jpeg"}],"author":"admin9185","twitter_card":"summary_large_image","twitter_misc":{"\u00c9crit par":"admin9185","Dur\u00e9e de lecture estim\u00e9e":"1 minute"},"schema":{"@context":"https:\/\/schema.org","@graph":[{"@type":"Article","@id":"https:\/\/formation-assistante-maternelle.fr\/index.php\/2025\/03\/04\/developpez-votre-carriere-dassistant-maternel-a-perpignan\/#article","isPartOf":{"@id":"https:\/\/formation-assistante-maternelle.fr\/index.php\/2025\/03\/04\/developpez-votre-carriere-dassistant-maternel-a-perpignan\/"},"author":{"name":"admin9185","@id":"https:\/\/formation-assistante-maternelle.fr\/#\/schema\/person\/64eacf6992b5eecba4676fe706ca17f0"},"headline":"D\u00e9veloppez votre carri\u00e8re d&rsquo;assistant maternel \u00e0 Perpignan","datePublished":"2025-03-04T13:40:17+00:00","dateModified":"2025-03-04T13:40:18+00:00","mainEntityOfPage":{"@id":"https:\/\/formation-assistante-maternelle.fr\/index.php\/2025\/03\/04\/developpez-votre-carriere-dassistant-maternel-a-perpignan\/"},"wordCount":1023,"commentCount":0,"image":{"@id":"https:\/\/formation-assistante-maternelle.fr\/index.php\/2025\/03\/04\/developpez-votre-carriere-dassistant-maternel-a-perpignan\/#primaryimage"},"thumbnailUrl":"https:\/\/formation-assistante-maternelle.fr\/wp-content\/uploads\/2025\/03\/Developpez-votre-carriere-dassistant-maternel-Perpignan.jpg","articleSection":["ACTU"],"inLanguage":"fr-FR","potentialAction":[{"@type":"CommentAction","name":"Comment","target":["https:\/\/formation-assistante-maternelle.fr\/index.php\/2025\/03\/04\/developpez-votre-carriere-dassistant-maternel-a-perpignan\/#respond"]}]},{"@type":"WebPage","@id":"https:\/\/formation-assistante-maternelle.fr\/index.php\/2025\/03\/04\/developpez-votre-carriere-dassistant-maternel-a-perpignan\/","url":"https:\/\/formation-assistante-maternelle.fr\/index.php\/2025\/03\/04\/developpez-votre-carriere-dassistant-maternel-a-perpignan\/","name":"D\u00e9veloppez votre carri\u00e8re d'assistant maternel \u00e0 Perpignan - Assistante maternelle","isPartOf":{"@id":"https:\/\/formation-assistante-maternelle.fr\/#website"},"primaryImageOfPage":{"@id":"https:\/\/formation-assistante-maternelle.fr\/index.php\/2025\/03\/04\/developpez-votre-carriere-dassistant-maternel-a-perpignan\/#primaryimage"},"image":{"@id":"https:\/\/formation-assistante-maternelle.fr\/index.php\/2025\/03\/04\/developpez-votre-carriere-dassistant-maternel-a-perpignan\/#primaryimage"},"thumbnailUrl":"https:\/\/formation-assistante-maternelle.fr\/wp-content\/uploads\/2025\/03\/Developpez-votre-carriere-dassistant-maternel-Perpignan.jpg","datePublished":"2025-03-04T13:40:17+00:00","dateModified":"2025-03-04T13:40:18+00:00","author":{"@id":"https:\/\/formation-assistante-maternelle.fr\/#\/schema\/person\/64eacf6992b5eecba4676fe706ca17f0"},"breadcrumb":{"@id":"https:\/\/formation-assistante-maternelle.fr\/index.php\/2025\/03\/04\/developpez-votre-carriere-dassistant-maternel-a-perpignan\/#breadcrumb"},"inLanguage":"fr-FR","potentialAction":[{"@type":"ReadAction","target":["https:\/\/formation-assistante-maternelle.fr\/index.php\/2025\/03\/04\/developpez-votre-carriere-dassistant-maternel-a-perpignan\/"]}]},{"@type":"ImageObject","inLanguage":"fr-FR","@id":"https:\/\/formation-assistante-maternelle.fr\/index.php\/2025\/03\/04\/developpez-votre-carriere-dassistant-maternel-a-perpignan\/#primaryimage","url":"https:\/\/formation-assistante-maternelle.fr\/wp-content\/uploads\/2025\/03\/Developpez-votre-carriere-dassistant-maternel-Perpignan.jpg","contentUrl":"https:\/\/formation-assistante-maternelle.fr\/wp-content\/uploads\/2025\/03\/Developpez-votre-carriere-dassistant-maternel-Perpignan.jpg","width":1440,"height":448,"caption":"D\u00e9veloppez votre carri\u00e8re d'assistant maternel Perpignan"},{"@type":"BreadcrumbList","@id":"https:\/\/formation-assistante-maternelle.fr\/index.php\/2025\/03\/04\/developpez-votre-carriere-dassistant-maternel-a-perpignan\/#breadcrumb","itemListElement":[{"@type":"ListItem","position":1,"name":"Accueil","item":"https:\/\/formation-assistante-maternelle.fr\/"},{"@type":"ListItem","position":2,"name":"D\u00e9veloppez votre carri\u00e8re d&rsquo;assistant maternel \u00e0 Perpignan"}]},{"@type":"WebSite","@id":"https:\/\/formation-assistante-maternelle.fr\/#website","url":"https:\/\/formation-assistante-maternelle.fr\/","name":"Assistante maternelle","description":"Formation \u00e0 Perpignan","potentialAction":[{"@type":"SearchAction","target":{"@type":"EntryPoint","urlTemplate":"https:\/\/formation-assistante-maternelle.fr\/?s={search_term_string}"},"query-input":{"@type":"PropertyValueSpecification","valueRequired":true,"valueName":"search_term_string"}}],"inLanguage":"fr-FR"},{"@type":"Person","@id":"https:\/\/formation-assistante-maternelle.fr\/#\/schema\/person\/64eacf6992b5eecba4676fe706ca17f0","name":"admin9185","image":{"@type":"ImageObject","inLanguage":"fr-FR","@id":"https:\/\/formation-assistante-maternelle.fr\/#\/schema\/person\/image\/","url":"https:\/\/secure.gravatar.com\/avatar\/0f6baa9bb7a7e503ed8b63ad366c161a5918c18032f5a8db88d42736133de748?s=96&d=mm&r=g","contentUrl":"https:\/\/secure.gravatar.com\/avatar\/0f6baa9bb7a7e503ed8b63ad366c161a5918c18032f5a8db88d42736133de748?s=96&d=mm&r=g","caption":"admin9185"},"sameAs":["http:\/\/formation-assistante-maternelle.fr"],"url":"https:\/\/formation-assistante-maternelle.fr\/index.php\/author\/admin9185\/"}]}},"_links":{"self":[{"href":"https:\/\/formation-assistante-maternelle.fr\/index.php\/wp-json\/wp\/v2\/posts\/265","targetHints":{"allow":["GET"]}}],"collection":[{"href":"https:\/\/formation-assistante-maternelle.fr\/index.php\/wp-json\/wp\/v2\/posts"}],"about":[{"href":"https:\/\/formation-assistante-maternelle.fr\/index.php\/wp-json\/wp\/v2\/types\/post"}],"author":[{"embeddable":true,"href":"https:\/\/formation-assistante-maternelle.fr\/index.php\/wp-json\/wp\/v2\/users\/1"}],"replies":[{"embeddable":true,"href":"https:\/\/formation-assistante-maternelle.fr\/index.php\/wp-json\/wp\/v2\/comments?post=265"}],"version-history":[{"count":2,"href":"https:\/\/formation-assistante-maternelle.fr\/index.php\/wp-json\/wp\/v2\/posts\/265\/revisions"}],"predecessor-version":[{"id":269,"href":"https:\/\/formation-assistante-maternelle.fr\/index.php\/wp-json\/wp\/v2\/posts\/265\/revisions\/269"}],"wp:featuredmedia":[{"embeddable":true,"href":"https:\/\/formation-assistante-maternelle.fr\/index.php\/wp-json\/wp\/v2\/media\/266"}],"wp:attachment":[{"href":"https:\/\/formation-assistante-maternelle.fr\/index.php\/wp-json\/wp\/v2\/media?parent=265"}],"wp:term":[{"taxonomy":"category","embeddable":true,"href":"https:\/\/formation-assistante-maternelle.fr\/index.php\/wp-json\/wp\/v2\/categories?post=265"},{"taxonomy":"post_tag","embeddable":true,"href":"https:\/\/formation-assistante-maternelle.fr\/index.php\/wp-json\/wp\/v2\/tags?post=265"}],"curies":[{"name":"wp","href":"https:\/\/api.w.org\/{rel}","templated":true}]}}